{"id":406,"date":"2016-11-28T14:22:35","date_gmt":"2016-11-28T12:22:35","guid":{"rendered":"https:\/\/ulusalgonullulukkomitesi.org\/?p=406"},"modified":"2024-06-25T21:34:09","modified_gmt":"2024-06-25T19:34:09","slug":"sivil-toplum-kuruluslari-gonulluluk-icin-bir-arada","status":"publish","type":"post","link":"https:\/\/ulusalgonullulukkomitesi.org\/2016\/11\/28\/sivil-toplum-kuruluslari-gonulluluk-icin-bir-arada\/","title":{"rendered":"Sivil Toplum Kurulu\u015flar\u0131 G\u00f6n\u00fcll\u00fcl\u00fck icin Bir Arada"},"content":{"rendered":"\n<style type=\"text\/css\" data-created_by=\"avia_inline_auto\" id=\"style-css-av-bt6jj-b0d98a4865b608e169da220b4c256df1\">\n.avia-section.av-bt6jj-b0d98a4865b608e169da220b4c256df1{\nbackground-repeat:no-repeat;\nbackground-image:url(https:\/\/ulusalgonullulukkomitesi.org\/wp-content\/uploads\/2024\/06\/magicpattern-mesh-gradient-1717673936944.jpeg);\nbackground-position:50% 50%;\nbackground-attachment:scroll;\n}\n<\/style>\n<div id='av_section_1'  class='avia-section av-bt6jj-b0d98a4865b608e169da220b4c256df1 main_color avia-section-default avia-no-border-styling  avia-builder-el-0  el_before_av_one_third  avia-builder-el-first  avia-full-stretch avia-bg-style-scroll av-minimum-height av-minimum-height-custom av-height-custom  container_wrap fullsize'  data-section-bg-repeat='stretch' data-av_minimum_height_px='16'><div class='container av-section-cont-open' style='height:16px'><main  role=\"main\" itemprop=\"mainContentOfPage\"  class='template-page content  av-content-full alpha units'><div class='post-entry post-entry-type-page post-entry-406'><div class='entry-content-wrapper clearfix'>\n\n<style type=\"text\/css\" data-created_by=\"avia_inline_auto\" id=\"style-css-av-lx6a4ma0-41bead506f8bdbf6f4de9711d0645584\">\n#top .av-special-heading.av-lx6a4ma0-41bead506f8bdbf6f4de9711d0645584{\npadding-bottom:10px;\ncolor:#ffffff;\nfont-size:24px;\n}\nbody .av-special-heading.av-lx6a4ma0-41bead506f8bdbf6f4de9711d0645584 .av-special-heading-tag .heading-char{\nfont-size:25px;\n}\n#top #wrap_all .av-special-heading.av-lx6a4ma0-41bead506f8bdbf6f4de9711d0645584 .av-special-heading-tag{\nfont-size:24px;\n}\n.av-special-heading.av-lx6a4ma0-41bead506f8bdbf6f4de9711d0645584 .special-heading-inner-border{\nborder-color:#ffffff;\n}\n.av-special-heading.av-lx6a4ma0-41bead506f8bdbf6f4de9711d0645584 .av-subheading{\nfont-size:14px;\n}\n\n@media only screen and (min-width: 480px) and (max-width: 767px){ \n#top #wrap_all .av-special-heading.av-lx6a4ma0-41bead506f8bdbf6f4de9711d0645584 .av-special-heading-tag{\nfont-size:0.8em;\n}\n}\n\n@media only screen and (max-width: 479px){ \n#top #wrap_all .av-special-heading.av-lx6a4ma0-41bead506f8bdbf6f4de9711d0645584 .av-special-heading-tag{\nfont-size:0.8em;\n}\n}\n<\/style>\n<div  class='av-special-heading av-lx6a4ma0-41bead506f8bdbf6f4de9711d0645584 av-special-heading-h3 custom-color-heading blockquote modern-quote  avia-builder-el-1  avia-builder-el-no-sibling  page-title av-inherit-size'><h3 class='av-special-heading-tag'  itemprop=\"headline\"  >Sivil Toplum Kurulu\u015flar\u0131 G\u00f6n\u00fcll\u00fcl\u00fck icin Bir Arada<\/h3><div class='av_custom_color av-subheading av-subheading_below'>28 Kas\u0131m 2016\n<\/div><div class=\"special-heading-border\"><div class=\"special-heading-inner-border\"><\/div><\/div><\/div>\n<\/div><\/div><\/main><!-- close content main element --><\/div><\/div><div id='after_section_1'  class='main_color av_default_container_wrap container_wrap fullsize'  ><div class='container av-section-cont-open' ><div class='template-page content  av-content-full alpha units'><div class='post-entry post-entry-type-page post-entry-406'><div class='entry-content-wrapper clearfix'><div  class='flex_column av-8fp33-30b07fddeeb07afdade4f4a590cb9921 av_one_third  avia-builder-el-2  el_after_av_section  el_before_av_two_third  avia-builder-el-first  first flex_column_div  '     ><style type=\"text\/css\" data-created_by=\"avia_inline_auto\" id=\"style-css-av-lx6c8xic-c474dae1db905dc10d0650604d1d65d5\">\n.avia-image-container.av-lx6c8xic-c474dae1db905dc10d0650604d1d65d5 img.avia_image{\nbox-shadow:none;\n}\n.avia-image-container.av-lx6c8xic-c474dae1db905dc10d0650604d1d65d5 .av-image-caption-overlay-center{\ncolor:#ffffff;\n}\n<\/style>\n<div  class='avia-image-container av-lx6c8xic-c474dae1db905dc10d0650604d1d65d5 av-styling- avia-align-center  avia-builder-el-3  avia-builder-el-no-sibling '   itemprop=\"image\" itemscope=\"itemscope\" itemtype=\"https:\/\/schema.org\/ImageObject\" ><div class=\"avia-image-container-inner\"><div class=\"avia-image-overlay-wrap\"><img decoding=\"async\" fetchpriority=\"high\" class='wp-image-408 avia-img-lazy-loading-not-408 avia_image ' src=\"https:\/\/ulusalgonullulukkomitesi.org\/wp-content\/uploads\/2016\/11\/volunteering-for-sustainable-development-goals.webp\" alt='' title='volunteering-for-sustainable-development-goals'  height=\"377\" width=\"670\"  itemprop=\"thumbnailUrl\" srcset=\"https:\/\/ulusalgonullulukkomitesi.org\/wp-content\/uploads\/2016\/11\/volunteering-for-sustainable-development-goals.webp 670w, https:\/\/ulusalgonullulukkomitesi.org\/wp-content\/uploads\/2016\/11\/volunteering-for-sustainable-development-goals-300x169.webp 300w\" sizes=\"(max-width: 670px) 100vw, 670px\" \/><\/div><\/div><\/div><\/div><\/p>\n<div  class='flex_column av-7eoiv-c861794ad19208f4398db34a00bfb9c6 av_two_third  avia-builder-el-4  el_after_av_one_third  avia-builder-el-last  flex_column_div  '     ><section  class='av_textblock_section av-lx6a2atx-b4b3946fff2fa60914325e25980b2b89 '   itemscope=\"itemscope\" itemtype=\"https:\/\/schema.org\/BlogPosting\" itemprop=\"blogPost\" ><div class='avia_textblock'  itemprop=\"text\" ><div dir=\"auto\">\n<p><span style=\"font-weight: 400;\">Ulusal G\u00f6n\u00fcll\u00fcl\u00fck Komitesi (UGK), \u0130stanbul\u2019da g\u00f6n\u00fcll\u00fcl\u00fck alan\u0131nda faaliyet g\u00f6steren kurulu\u015flar ve medya mensuplar\u0131 ile bulu\u015farak, T\u00fcrkiye\u2019deki g\u00f6n\u00fcll\u00fcl\u00fck f\u0131rsatlar\u0131n\u0131 ve sorunlar\u0131n\u0131 masaya yat\u0131rd\u0131.<\/span><\/p>\n<p><span style=\"font-weight: 400;\">Ulusal G\u00f6n\u00fcll\u00fcl\u00fck Komitesi, Birle\u015fmi\u015f Milletler\u2019in, \u2018D\u00fcnya G\u00f6n\u00fcll\u00fcler G\u00fcn\u00fc\u2019 ilan etti\u011fi 5 Aral\u0131k\u2019tan \u00f6nce \u0130stanbul\u2019da g\u00f6n\u00fcll\u00fcl\u00fck alan\u0131nda faaliyet g\u00f6steren kurulu\u015flar ile bas\u0131na a\u00e7\u0131k bir toplant\u0131 d\u00fczenledi.\u00a0 <\/span><span style=\"font-weight: 400;\">E\u011fitim,<\/span> <span style=\"font-weight: 400;\">gen\u00e7lik, \u00e7evre ve kalk\u0131nma gibi farkl\u0131 alanlarda \u00e7al\u0131\u015fan \u00fcye kurulu\u015flar\u0131n temsilcilerinin bir araya geldi\u011fi toplant\u0131da konu\u015fan <\/span><span style=\"font-weight: 400;\">Birle\u015fmi\u015f Milletler G\u00f6n\u00fcll\u00fcleri \u0130cra Koordinat\u00f6r Yard\u0131mc\u0131s\u0131 Toily Kurbanov,\u00a0 \u201cK\u00fcresel g\u00f6n\u00fcll\u00fcl\u00fck kavram\u0131 k\u00fclt\u00fcrleri, dinleri ve dilleri a\u015fan bir kavram. T\u00fcrkiye\u2019de de bunun en g\u00fczel \u00f6rne\u011fini \u00f6zellikle do\u011fal afetler ya\u015fand\u0131\u011f\u0131nda ortaya \u00e7\u0131kan dayan\u0131\u015fmadan anl\u0131yoruz\u201d dedi.\u00a0<\/span><\/p>\n<p><span style=\"font-weight: 400;\">\u2018D\u00fcnya G\u00f6n\u00fcll\u00fcler G\u00fcn\u00fc\u2019, Birle\u015fmi\u015f Milletler G\u00f6n\u00fcll\u00fcleri (UNV) koordinasyonunda 1985\u2019ten bu yana her y\u0131l 5 Aral\u0131k\u2019ta 136 \u00fclkede kutlan\u0131yor. D\u00fcnya G\u00f6n\u00fcll\u00fcler G\u00fcn\u00fc\u2019n\u00fcn bu y\u0131l ki temas\u0131 \u201cKimseyi Geride B\u0131rakma\u201d.\u00a0 Bu tema \u00e7er\u00e7evesinde S\u00fcrd\u00fcr\u00fclebilir Kalk\u0131nma Hedefleri i\u00e7in K\u00fcresel Hedefleri 2030\u2019a kadar yerine getirmede birlikte hareket etmenin \u00f6nemini vurgulayan Kurbanov,\u00a0 UNV olarak \u00e7al\u0131\u015fmalar\u0131n\u0131n as\u0131l amac\u0131n\u0131n ulusal g\u00f6n\u00fcll\u00fcl\u00fck ruhunu bulmak ve ortaya \u00e7\u0131kan bu ruhu g\u00fc\u00e7lendirmek oldu\u011funu vurgulad\u0131.\u00a0<\/span><\/p>\n<p><span style=\"font-weight: 400;\">\u0130stanbul\u2019da d\u00fczenlenen kahvalt\u0131l\u0131 bas\u0131n toplant\u0131s\u0131nda Ad\u0131m Ad\u0131m Platformu ad\u0131na platform kurucular\u0131ndan It\u0131r Erhart, Toplum G\u00f6n\u00fcll\u00fcleri Vakf\u0131 (TOG) ad\u0131na \u0130brahim Betil, T\u00fcrkiye E\u011fitim G\u00f6n\u00fcll\u00fcleri Vakf\u0131 (TEGV) ad\u0131na Oktay \u00d6zinci, TEMA Vakf\u0131\u2019ndan Y\u00f6netim Kurulu Ba\u015fkan\u0131 Deniz Ata\u00e7 ve \u00d6zel Sekt\u00f6r G\u00f6n\u00fcll\u00fcler Derne\u011fi (\u00d6SGD) ad\u0131na Atilla Yerlikaya g\u00f6n\u00fcll\u00fcl\u00fck \u00e7al\u0131\u015fmalar\u0131n\u0131 art\u0131rmak amac\u0131yla yapt\u0131klar\u0131n\u0131 payla\u015ft\u0131. Konu\u015fmac\u0131lar, T\u00fcrkiye\u2019de toplumun g\u00f6n\u00fcll\u00fcl\u00fck konusundaki duyarl\u0131l\u0131\u011f\u0131,\u00a0 \u00e7e\u015fitli alanlarda devam eden g\u00f6n\u00fcll\u00fcl\u00fck projeleri, gen\u00e7li\u011fin g\u00f6n\u00fcll\u00fc projelere kat\u0131l\u0131m\u0131, \u00f6zel sekt\u00f6r\u00fcn duyarl\u0131l\u0131\u011f\u0131 gibi konulara de\u011findi.\u00a0<\/span><\/p>\n<p><span style=\"font-weight: 400;\">Toplant\u0131n\u0131n a\u00e7\u0131l\u0131\u015f konu\u015fmas\u0131n\u0131 yapan BM G\u00f6n\u00fcll\u00fcleri (UNV) \u0130cra Koordinat\u00f6r Yard\u0131mc\u0131s\u0131 Toily Kurbanov \u015funlar\u0131 s\u00f6yledi:\u00a0<\/span><\/p>\n<p><span style=\"font-weight: 400;\">\u201cUNV i\u00e7in g\u00f6n\u00fcll\u00fcl\u00fck, dayan\u0131\u015fman\u0131n v\u00fccut buldu\u011fu bir kavram. Bu nedenle g\u00f6n\u00fcll\u00fcl\u00fc\u011f\u00fcn yan\u0131 s\u0131ra sivil toplum kurulu\u015flar\u0131 ile bir arada olmaktan dolay\u0131 mutluyuz. G\u00f6n\u00fcll\u00fcl\u00fc\u011f\u00fcn bir\u00e7ok sebebi var; ama S\u00fcrd\u00fcr\u00fclebilir Kalk\u0131nma Hedefleri ile paralel birka\u00e7 \u00f6rnek vermek isterim. Birincisi \u00e7evresel sorunlara tepki vermek ve \u00e7\u00f6z\u00fcm \u00f6nerisinde bulunmak.\u00a0<\/span><\/p>\n<p><span style=\"font-weight: 400;\">\u0130kincisi etnik ve k\u00fclt\u00fcrel \u00e7e\u015fitlilikten kaynaklanan e\u015fitsizliklere kar\u015f\u0131 sosyal dayan\u0131\u015fmay\u0131 ortaya \u00e7\u0131kartabilmek.\u00a0<\/span><\/p>\n<p><span style=\"font-weight: 400;\">\u00dc\u00e7\u00fcnc\u00fcs\u00fc ise ya\u015fl\u0131lara destek olabilmek.\u201d\u00a0<\/span><\/p>\n<p><span style=\"font-weight: 400;\">T\u00fcrkiye\u2019deki g\u00f6n\u00fcll\u00fcl\u00fck \u00e7al\u0131\u015fmalar\u0131 hakk\u0131ndaki g\u00f6zlemlerini de aktaran Kurbanov, \u015f\u00f6yle devam etti:<\/span><\/p>\n<p><span style=\"font-weight: 400;\">\u201c \u0130lk olarak, Birle\u015fmi\u015f Milletler\u2019e ba\u011fl\u0131 ya da ayr\u0131ca faaliyet g\u00f6steren t\u00fcm sivil toplum kurulu\u015flar\u0131n\u0131n ilk ortak amac\u0131n\u0131n bar\u0131\u015f ve bir arada ya\u015famay\u0131 desteklemek oldu\u011funu g\u00f6r\u00fcyorum. Di\u011fer yandan gelece\u011fe yat\u0131r\u0131m yapmak i\u00e7in gen\u00e7leri g\u00f6n\u00fcll\u00fcl\u00fck \u00e7al\u0131\u015fmalar\u0131na davet etmek ve desteklemek ikinci \u00f6nemli a\u015fama diye d\u00fc\u015f\u00fcnebiliriz. \u00dc\u00e7\u00fcnc\u00fc g\u00f6zlemim, bu toplant\u0131da oldu\u011fu gibi, \u00e7al\u0131\u015fmalarda \u00e7ok payda\u015fl\u0131l\u0131k ile g\u00f6n\u00fcll\u00fclerin motivasyonunu ve g\u00fcc\u00fcn\u00fc daha fazla ortaya \u00e7\u0131kartacak i\u015fbirlikleri geli\u015ftirilmekte oldu\u011fu. Son olarak g\u00f6n\u00fcll\u00fcl\u00fc\u011f\u00fcn akademik boyutunun desteklenmesi ve ara\u015ft\u0131rmalara \u00f6nem verilmesi de \u00f6nemli bir konu.\u201d<\/span><\/p>\n<p><span style=\"font-weight: 400;\">Toplum G\u00f6n\u00fcll\u00fcleri Vakf\u0131 (TOG) Y\u00f6netim Kurulu \u00dcyesi \u0130brahim Betil, gen\u00e7lerle yap\u0131lan \u00e7al\u0131\u015fmalar\u0131n \u00f6nemine de\u011findi\u011fi konu\u015fmas\u0131nda, bu \u00e7al\u0131\u015fmalar\u0131n sosyal etki ve gen\u00e7lerin bireysel geli\u015fimlerine etkileri olmak \u00fczere iki farkl\u0131 faydas\u0131 oldu\u011funu s\u00f6yledi.\u00a0 T\u00fcrkiye\u2019de n\u00fcfusun \u00f6nemli bir kesiminin gen\u00e7 olmas\u0131na ra\u011fmen gen\u00e7lere duyulan g\u00fcvenin az olmas\u0131n\u0131n, gen\u00e7lerin \u00f6rg\u00fctlenmesinde b\u00fcy\u00fck engeller yaratt\u0131\u011f\u0131n\u0131 belirten Betil, TOG\u2019un 2002 y\u0131l\u0131ndan beri gen\u00e7lerin yapt\u0131klar\u0131 ile kendilerine olan g\u00fcveni artt\u0131rmalar\u0131n\u0131 hedefleyen bir kurulu\u015f oldu\u011funu vurgulad\u0131. Betil, \u201c2016 y\u0131l\u0131 itibariyle 60 binden fazla Toplum G\u00f6n\u00fcll\u00fcs\u00fc gen\u00e7, 80 ildeki 126 \u00fcniversitede 1500\u2019den fazla yerel ve ulusal toplum hizmeti projesi ger\u00e7ekle\u015ftirerek en az 600 bin insan\u0131n hayat\u0131na dokundu ve toplumun ihtiya\u00e7lar\u0131na cevap verdi\u201d dedi. \u201cG\u00f6n\u00fcll\u00fcl\u00fck gen\u00e7lerden ba\u015flamal\u0131 ve onlara yetki ve sorumluluk verilmeli\u201d diyen Betil, yeti\u015fkinlerin \u00f6n yarg\u0131lar\u0131n\u0131 k\u0131rmalar\u0131 ve gen\u00e7lere g\u00fcvenmeyi \u00f6\u011frenmeleri gerekti\u011fini s\u00f6yledi.\u00a0<\/span><\/p>\n<p><span style=\"font-weight: 400;\">T\u00fcrkiye E\u011fitim G\u00f6n\u00fcll\u00fcleri Vakf\u0131 (TEGV) Y\u00f6netim Kurulu \u00dcyesi Oktay \u00d6zinci ise e\u011fitimde g\u00f6n\u00fcll\u00fcl\u00fc\u011f\u00fcn kritik bir \u00f6nemi oldu\u011funu vurgulad\u0131. 21. Y\u00fczy\u0131lda \u00fclkelerin teknolojiye hakim olanlar ve teknolojiye hakim \u00fclkelere muhta\u00e7 olanlar olmak \u00fczere ikiye ayr\u0131ld\u0131\u011f\u0131n\u0131 vurgulayan \u00d6zinci, \u201cTEGV\u2019in en \u00f6nemli g\u00f6revi yarat\u0131c\u0131, \u00f6n yarg\u0131s\u0131z, sorgulayan ve de\u011ferlendiren \u00e7ocuklar yeti\u015ftirmek. Devlet e\u011fitim stratejisini yaparken bizim de g\u00f6revimiz mevcut eksiklikleri onarmak i\u00e7in \u00f6zellikle \u00f6\u011fretmenleri, anne babalar\u0131 ve \u00e7ocuklar\u0131 e\u011fitmek\u201d diye konu\u015ftu. T\u00fcm g\u00f6n\u00fcll\u00fclere, \u201cG\u00f6n\u00fcll\u00fc oldu\u011funuz konu her ne olursa olsun, mutlaka aktif g\u00f6n\u00fcll\u00fcl\u00fck yap\u0131n ve sivil topluma yeni g\u00f6n\u00fcll\u00fcler kazand\u0131rmak i\u00e7in \u00e7al\u0131\u015fmalar yapmaya devam edin\u201d diye seslenen \u00d6zinci,\u00a0 UGK ve 5 Aral\u0131k D\u00fcnya G\u00f6n\u00fcll\u00fcler G\u00fcn\u00fc\u2019n\u00fcn bu a\u00e7\u0131dan \u00e7ok \u00f6nemli bir ara\u00e7 oldu\u011funu vurgulad\u0131.\u00a0<\/span><\/p>\n<p><span style=\"font-weight: 400;\">\u00d6zel Sekt\u00f6r G\u00f6n\u00fcll\u00fcleri Derne\u011fi (\u00d6SGD) Y\u00f6netim Kurulu \u00dcyesi Atilla Demir Yerlikaya da \u015funlar\u0131 s\u00f6yledi:\u00a0<\/span><\/p>\n<p><span style=\"font-weight: 400;\">\u201cG\u00f6n\u00fcll\u00fcl\u00fck kime dokunursa fark yarat\u0131yor ama dokunan ki\u015fide de fark yarat\u0131yor. \u00d6zel sekt\u00f6r sorunlar\u0131n \u00e7\u00f6z\u00fcm\u00fcne katk\u0131 sa\u011flayan \u00f6nemli bir payda\u015f. Amac\u0131m\u0131z \u00e7al\u0131\u015fanlar\u0131n eme\u011fini, zaman\u0131n\u0131, bilgisini ve tecr\u00fcbesini toplumsal faydaya d\u00f6n\u00fc\u015ft\u00fcrebilmek. \u00d6SGD, \u015firketler aras\u0131nda g\u00f6n\u00fcll\u00fcl\u00fc\u011f\u00fc \u00f6zendirecek \u00f6rnekleri ortaya \u00e7\u0131kartmak ve uluslararas\u0131 \u00f6rnekleri yayg\u0131nla\u015ft\u0131rmak, bilgi payla\u015f\u0131m\u0131 ve fark\u0131ndal\u0131\u011f\u0131 artt\u0131rmak i\u00e7in \u00e7al\u0131\u015f\u0131yor. H\u0131zl\u0131 sonu\u00e7lar yaratan projeler ile \u015firketlere yol g\u00f6steriyoruz. \u2018G\u00f6n\u00fclden \u00d6d\u00fcller\u2019 ile \u00f6n plana \u00e7\u0131kan ve g\u00f6n\u00fcll\u00fcl\u00fckte ba\u015far\u0131l\u0131 \u015firketleri onurland\u0131r\u0131yoruz. D\u00fcnyada insan kaynaklar\u0131nda olu\u015fan yeni bir trend var. G\u00fcn\u00fcm\u00fcz \u0130K stratejileri,\u00a0 g\u00f6n\u00fcll\u00fcl\u00fc\u011f\u00fc tak\u0131m oyununa a\u00e7\u0131k, kendi ki\u015fisel de\u011ferlerini ortaya \u00e7\u0131karabilen, \u00e7al\u0131\u015fanlar\u0131n kuruma ve topluma aidiyetlerini artt\u0131ran bir ara\u00e7 olarak de\u011ferlendiriyor. Bu y\u00fczden \u015firketler de insan kayna\u011f\u0131n\u0131 topluma fayda sa\u011flayacak \u00e7al\u0131\u015fmalara y\u00f6nlendiriyor.\u201d\u00a0<\/span><\/p>\n<p><span style=\"font-weight: 400;\">Sadece 5 Aral\u0131k\u2019ta de\u011fil, t\u00fcm y\u0131l boyunca g\u00f6n\u00fcll\u00fcl\u00fc\u011f\u00fcn konu\u015fulmas\u0131n\u0131n \u00f6nemini vurgulayan TEMA Vakf\u0131 Y\u00f6netim Kurulu Ba\u015fkan\u0131 Deniz Ata\u00e7 da, \u201cT\u00fcrkiye\u2019de g\u00f6n\u00fcll\u00fcl\u00fck neden geli\u015fmiyor sorusu \u00fczerine \u00e7al\u0131\u015fmal\u0131, g\u00f6n\u00fcll\u00fcl\u00fc\u011f\u00fcn \u00f6n\u00fcndeki engelleri ve k\u00fclt\u00fcrel olarak nelerin g\u00f6n\u00fcll\u00fcl\u00fc\u011f\u00fc destekledi\u011fini ara\u015ft\u0131rmal\u0131y\u0131z\u201d dedi. G\u00f6n\u00fcll\u00fcl\u00fc\u011f\u00fcn k\u00fc\u00e7\u00fck ya\u015ftan itibaren ba\u015flamas\u0131 gerekti\u011fini savunan Ata\u00e7,\u00a0 STK\u2019lar\u0131n g\u00f6n\u00fcll\u00fcl\u00fckten ne bekledi\u011fini de\u011fil, ger\u00e7ekte ne g\u00f6rmek istedi\u011fini her g\u00fcn y\u0131lmadan s\u00f6ylemesi gerekti\u011fini vurgulad\u0131. Ata\u00e7,\u00a0 \u201cBunun i\u00e7in de UGK\u2019ye \u00e7ok i\u015f d\u00fc\u015f\u00fcyor\u201d dedi.\u00a0<\/span><\/p>\n<p><span style=\"font-weight: 400;\">Ulusal G\u00f6n\u00fcll\u00fcl\u00fck Komitesi (UGK), 5 Aral\u0131k D\u00fcnya G\u00f6n\u00fcll\u00fcler G\u00fcn\u00fc kapsam\u0131nda 44 ilde 71 noktada bireyleri g\u00f6n\u00fcll\u00fcl\u00fc\u011fe davet eden etkinlikler yaparak her kesimden insana ula\u015fmay\u0131 hedefliyor.<\/span><\/p>\n<p><span style=\"font-weight: 400;\">Bu y\u0131l 5 Aral\u0131k\u2019ta ise T\u00fcrkiye\u2019de ilk kez sosyal medya \u00fczerinden \u2018G\u00f6n\u00fcll\u00fcysen Renk Ver\u2019 oyunu oynanarak g\u00f6n\u00fcll\u00fcl\u00fck \u00e7al\u0131\u015fmalar\u0131 kutlanacak.<\/span><\/p>\n<\/div>\n<div dir=\"auto\"><\/div>\n<\/div><\/section><\/div>\n","protected":false},"excerpt":{"rendered":"","protected":false},"author":2,"featured_media":408,"comment_status":"open","ping_status":"open","sticky":false,"template":"","format":"standard","meta":{"_aviaLayoutBuilder_active":"active","_avia_hide_featured_image":0,"_aviaLayoutBuilderCleanData":"[av_section min_height='custom' min_height_pc='25' min_height_px='16%' shadow='no-border-styling' bottom_border='no-border-styling' bottom_border_diagonal_color='#333333' bottom_border_diagonal_direction='' bottom_border_style='' padding='default' custom_margin='0px' custom_margin_sync='true' av-desktop-custom_margin='' av-desktop-custom_margin_sync='true' av-medium-custom_margin='' av-medium-custom_margin_sync='true' av-small-custom_margin='' av-small-custom_margin_sync='true' av-mini-custom_margin='' av-mini-custom_margin_sync='true' svg_div_top='' svg_div_top_color='#333333' svg_div_top_width='100' svg_div_top_height='50' svg_div_top_max_height='none' svg_div_top_opacity='' svg_div_bottom='' svg_div_bottom_color='#333333' svg_div_bottom_width='100' svg_div_bottom_height='50' svg_div_bottom_max_height='none' svg_div_bottom_opacity='' fold_type='' fold_height='' fold_more='Read more' fold_less='Read less' fold_text_style='' fold_btn_align='' color='main_color' background='bg_color' custom_bg='' background_gradient_direction='vertical' background_gradient_color1='#000000' background_gradient_color2='#ffffff' background_gradient_color3='' src='https:\/\/ulusalgonullulukkomitesi.org\/wp-content\/uploads\/2024\/06\/magicpattern-mesh-gradient-1717673936944.jpeg' attachment='92' attachment_size='full' attach='scroll' position='center center' repeat='stretch' video='' video_ratio='16:9' overlay_opacity='0.5' overlay_color='' overlay_pattern='' overlay_custom_pattern='' custom_arrow_bg='' fold_overlay_color='' fold_text_color='' fold_btn_color='theme-color' fold_btn_bg_color='' fold_btn_font_color='' size-btn-text='' av-desktop-font-size-btn-text='' av-medium-font-size-btn-text='' av-small-font-size-btn-text='' av-mini-font-size-btn-text='' fold_timer='' z_index_fold='' css_position_z_index='' av-desktop-css_position_z_index='' av-medium-css_position_z_index='' av-small-css_position_z_index='' av-mini-css_position_z_index='' id='' custom_class='' template_class='' aria_label='' av_element_hidden_in_editor='0' av_uid='av-bt6jj' sc_version='1.0']\r\n\r\n[av_heading heading='Sivil Toplum Kurulu\u015flar\u0131 G\u00f6n\u00fcll\u00fcl\u00fck icin Bir Arada' tag='h3' style='blockquote modern-quote' subheading_active='subheading_below' show_icon='' icon='ue800' font='entypo-fontello' size='24' av-desktop-font-size-title='' av-medium-font-size-title='' av-small-font-size-title='' av-mini-font-size-title='' subheading_size='14' av-desktop-font-size='' av-medium-font-size='' av-small-font-size='' av-mini-font-size='' icon_size='' av-desktop-font-size-1='' av-medium-font-size-1='' av-small-font-size-1='' av-mini-font-size-1='' color='custom-color-heading' custom_font='#ffffff' subheading_color='' seperator_color='' icon_color='' margin='' margin_sync='true' av-desktop-margin='' av-desktop-margin_sync='true' av-medium-margin='' av-medium-margin_sync='true' av-small-margin='' av-small-margin_sync='true' av-mini-margin='' av-mini-margin_sync='true' headline_padding='' headline_padding_sync='true' av-desktop-headline_padding='' av-desktop-headline_padding_sync='true' av-medium-headline_padding='' av-medium-headline_padding_sync='true' av-small-headline_padding='' av-small-headline_padding_sync='true' av-mini-headline_padding='' av-mini-headline_padding_sync='true' padding='10' av-desktop-padding='' av-medium-padding='' av-small-padding='' av-mini-padding='' icon_padding='10' av-desktop-icon_padding='' av-medium-icon_padding='' av-small-icon_padding='' av-mini-icon_padding='' link='' link_target='' title_attr='' id='' custom_class='page-title' template_class='' av_uid='av-lx6a4ma0' sc_version='1.0' admin_preview_bg='']\r\n[get_current_date_of_post_sc]\r\n[\/av_heading]\r\n\r\n[\/av_section][av_one_third first min_height='' vertical_alignment='av-align-top' space='' row_boxshadow='' row_boxshadow_width='10' row_boxshadow_color='' custom_margin='' margin='0px' av-desktop-margin='' av-medium-margin='' av-small-margin='' av-mini-margin='' mobile_breaking='' mobile_column_order='' border='' border_style='solid' border_color='' radius='' min_col_height='' padding='' av-desktop-padding='' av-medium-padding='' av-small-padding='' av-mini-padding='' svg_div_top='' svg_div_top_color='#333333' svg_div_top_width='100' svg_div_top_height='50' svg_div_top_max_height='none' svg_div_top_flip='' svg_div_top_invert='' svg_div_top_front='' svg_div_top_opacity='' svg_div_top_preview='' svg_div_bottom='' svg_div_bottom_color='#333333' svg_div_bottom_width='100' svg_div_bottom_height='50' svg_div_bottom_max_height='none' svg_div_bottom_flip='' svg_div_bottom_invert='' svg_div_bottom_front='' svg_div_bottom_opacity='' svg_div_bottom_preview='' fold_type='' fold_height='' fold_more='Read more' fold_less='Read less' fold_text_style='' fold_btn_align='' column_boxshadow='' column_boxshadow_width='10' column_boxshadow_color='' background='bg_color' background_color='' background_gradient_direction='vertical' background_gradient_color1='#000000' background_gradient_color2='#ffffff' background_gradient_color3='' src='' background_position='top left' background_repeat='no-repeat' highlight='' highlight_size='' fold_overlay_color='' fold_text_color='' fold_btn_color='theme-color' fold_btn_bg_color='' fold_btn_font_color='' size-btn-text='' av-desktop-font-size-btn-text='' av-medium-font-size-btn-text='' av-small-font-size-btn-text='' av-mini-font-size-btn-text='' animation='' animation_duration='' animation_custom_bg_color='' animation_z_index_curtain='100' parallax_parallax='' parallax_parallax_speed='' av-desktop-parallax_parallax='' av-desktop-parallax_parallax_speed='' av-medium-parallax_parallax='' av-medium-parallax_parallax_speed='' av-small-parallax_parallax='' av-small-parallax_parallax_speed='' av-mini-parallax_parallax='' av-mini-parallax_parallax_speed='' fold_timer='' z_index_fold='' css_position='' css_position_location='' css_position_z_index='' av-desktop-css_position='' av-desktop-css_position_location='' av-desktop-css_position_z_index='' av-medium-css_position='' av-medium-css_position_location='' av-medium-css_position_z_index='' av-small-css_position='' av-small-css_position_location='' av-small-css_position_z_index='' av-mini-css_position='' av-mini-css_position_location='' av-mini-css_position_z_index='' link='' linktarget='' link_hover='' title_attr='' alt_attr='' mobile_display='' mobile_col_pos='0' id='' custom_class='' template_class='' aria_label='' av_uid='av-8fp33' sc_version='1.0']\r\n[av_image src='https:\/\/ulusalgonullulukkomitesi.org\/wp-content\/uploads\/2016\/11\/volunteering-for-sustainable-development-goals.webp' attachment='408' attachment_size='full' copyright='' caption='' image_size='' styling='' box_shadow='none' box_shadow_width='10' box_shadow_color='' align='center' font_size='' overlay_opacity='0.4' overlay_color='#000000' overlay_text_color='#ffffff' link='' target='' animation='no-animation' animation_duration='' animation_custom_bg_color='' animation_z_index_curtain='100' parallax_parallax='' parallax_parallax_speed='' av-desktop-parallax_parallax='' av-desktop-parallax_parallax_speed='' av-medium-parallax_parallax='' av-medium-parallax_parallax_speed='' av-small-parallax_parallax='' av-small-parallax_parallax_speed='' av-mini-parallax_parallax='' av-mini-parallax_parallax_speed='' hover='' blur_image='' grayscale_image='' fade_image='' appearance='' css_position='' css_position_location=',,,' css_position_z_index='' av-desktop-css_position='' av-desktop-css_position_location=',,,' av-desktop-css_position_z_index='' av-medium-css_position='' av-medium-css_position_location=',,,' av-medium-css_position_z_index='' av-small-css_position='' av-small-css_position_location=',,,' av-small-css_position_z_index='' av-mini-css_position='' av-mini-css_position_location=',,,' av-mini-css_position_z_index='' transform_perspective='' transform_rotation=',,,' transform_scale=',,' transform_skew=',' transform_translate=',,' av-desktop-transform_perspective='' av-desktop-transform_rotation=',,,' av-desktop-transform_scale=',,' av-desktop-transform_skew=',' av-desktop-transform_translate=',,' av-medium-transform_perspective='' av-medium-transform_rotation=',,,' av-medium-transform_scale=',,' av-medium-transform_skew=',' av-medium-transform_translate=',,' av-small-transform_perspective='' av-small-transform_rotation=',,,' av-small-transform_scale=',,' av-small-transform_skew=',' av-small-transform_translate=',,' av-mini-transform_perspective='' av-mini-transform_rotation=',,,' av-mini-transform_scale=',,' av-mini-transform_skew=',' av-mini-transform_translate=',,' mask_overlay='' mask_overlay_shape='blob' mask_overlay_size='contain' mask_overlay_scale='100%' mask_overlay_position='center center' mask_overlay_repeat='no-repeat' mask_overlay_rotate='' mask_overlay_rad_shape='circle' mask_overlay_rad_position='center center' mask_overlay_opacity1='0' mask_overlay_opacity2='1' mask_overlay_opacity3='' title_attr='' alt_attr='' img_scrset='' lazy_loading='disabled' id='' custom_class='' template_class='' av_element_hidden_in_editor='0' av_uid='av-lx6c8xic' sc_version='1.0' admin_preview_bg=''][\/av_image]\r\n[\/av_one_third]\r\n\r\n[av_two_third min_height='' vertical_alignment='av-align-top' space='' row_boxshadow='' row_boxshadow_width='10' row_boxshadow_color='' custom_margin='' margin='0px' av-desktop-margin='' av-medium-margin='' av-small-margin='' av-mini-margin='' mobile_breaking='' mobile_column_order='' border='' border_style='solid' border_color='' radius='' min_col_height='' padding='' av-desktop-padding='' av-medium-padding='' av-small-padding='' av-mini-padding='' svg_div_top='' svg_div_top_color='#333333' svg_div_top_width='100' svg_div_top_height='50' svg_div_top_max_height='none' svg_div_top_flip='' svg_div_top_invert='' svg_div_top_front='' svg_div_top_opacity='' svg_div_top_preview='' svg_div_bottom='' svg_div_bottom_color='#333333' svg_div_bottom_width='100' svg_div_bottom_height='50' svg_div_bottom_max_height='none' svg_div_bottom_flip='' svg_div_bottom_invert='' svg_div_bottom_front='' svg_div_bottom_opacity='' svg_div_bottom_preview='' fold_type='' fold_height='' fold_more='Read more' fold_less='Read less' fold_text_style='' fold_btn_align='' column_boxshadow='' column_boxshadow_width='10' column_boxshadow_color='' background='bg_color' background_color='' background_gradient_direction='vertical' background_gradient_color1='#000000' background_gradient_color2='#ffffff' background_gradient_color3='' src='' background_position='top left' background_repeat='no-repeat' highlight='' highlight_size='' fold_overlay_color='' fold_text_color='' fold_btn_color='theme-color' fold_btn_bg_color='' fold_btn_font_color='' size-btn-text='' av-desktop-font-size-btn-text='' av-medium-font-size-btn-text='' av-small-font-size-btn-text='' av-mini-font-size-btn-text='' animation='' animation_duration='' animation_custom_bg_color='' animation_z_index_curtain='100' parallax_parallax='' parallax_parallax_speed='' av-desktop-parallax_parallax='' av-desktop-parallax_parallax_speed='' av-medium-parallax_parallax='' av-medium-parallax_parallax_speed='' av-small-parallax_parallax='' av-small-parallax_parallax_speed='' av-mini-parallax_parallax='' av-mini-parallax_parallax_speed='' fold_timer='' z_index_fold='' css_position='' css_position_location='' css_position_z_index='' av-desktop-css_position='' av-desktop-css_position_location='' av-desktop-css_position_z_index='' av-medium-css_position='' av-medium-css_position_location='' av-medium-css_position_z_index='' av-small-css_position='' av-small-css_position_location='' av-small-css_position_z_index='' av-mini-css_position='' av-mini-css_position_location='' av-mini-css_position_z_index='' link='' linktarget='' link_hover='' title_attr='' alt_attr='' mobile_display='' mobile_col_pos='0' id='' custom_class='' template_class='' aria_label='' av_uid='av-7eoiv' sc_version='1.0']\r\n[av_textblock fold_type='' fold_height='' fold_more='Read more' fold_less='Read less' fold_text_style='' fold_btn_align='' textblock_styling_align='' textblock_styling='' textblock_styling_gap='' textblock_styling_mobile='' size='' av-desktop-font-size='' av-medium-font-size='' av-small-font-size='' av-mini-font-size='' font_color='' color='' fold_overlay_color='' fold_text_color='' fold_btn_color='light' fold_btn_bg_color='' fold_btn_font_color='' size-btn-text='' av-desktop-font-size-btn-text='' av-medium-font-size-btn-text='' av-small-font-size-btn-text='' av-mini-font-size-btn-text='' fold_timer='' z_index_fold='' id='' custom_class='' template_class='' av_uid='av-lx6a2atx' sc_version='1.0' admin_preview_bg='']\r\n<div dir=\"auto\">\r\n\r\n<span style=\"font-weight: 400;\">Ulusal G\u00f6n\u00fcll\u00fcl\u00fck Komitesi (UGK), \u0130stanbul\u2019da g\u00f6n\u00fcll\u00fcl\u00fck alan\u0131nda faaliyet g\u00f6steren kurulu\u015flar ve medya mensuplar\u0131 ile bulu\u015farak, T\u00fcrkiye\u2019deki g\u00f6n\u00fcll\u00fcl\u00fck f\u0131rsatlar\u0131n\u0131 ve sorunlar\u0131n\u0131 masaya yat\u0131rd\u0131.<\/span>\r\n\r\n<span style=\"font-weight: 400;\">Ulusal G\u00f6n\u00fcll\u00fcl\u00fck Komitesi, Birle\u015fmi\u015f Milletler\u2019in, \u2018D\u00fcnya G\u00f6n\u00fcll\u00fcler G\u00fcn\u00fc\u2019 ilan etti\u011fi 5 Aral\u0131k\u2019tan \u00f6nce \u0130stanbul\u2019da g\u00f6n\u00fcll\u00fcl\u00fck alan\u0131nda faaliyet g\u00f6steren kurulu\u015flar ile bas\u0131na a\u00e7\u0131k bir toplant\u0131 d\u00fczenledi.\u00a0 <\/span><span style=\"font-weight: 400;\">E\u011fitim,<\/span> <span style=\"font-weight: 400;\">gen\u00e7lik, \u00e7evre ve kalk\u0131nma gibi farkl\u0131 alanlarda \u00e7al\u0131\u015fan \u00fcye kurulu\u015flar\u0131n temsilcilerinin bir araya geldi\u011fi toplant\u0131da konu\u015fan <\/span><span style=\"font-weight: 400;\">Birle\u015fmi\u015f Milletler G\u00f6n\u00fcll\u00fcleri \u0130cra Koordinat\u00f6r Yard\u0131mc\u0131s\u0131 Toily Kurbanov,\u00a0 \u201cK\u00fcresel g\u00f6n\u00fcll\u00fcl\u00fck kavram\u0131 k\u00fclt\u00fcrleri, dinleri ve dilleri a\u015fan bir kavram. T\u00fcrkiye\u2019de de bunun en g\u00fczel \u00f6rne\u011fini \u00f6zellikle do\u011fal afetler ya\u015fand\u0131\u011f\u0131nda ortaya \u00e7\u0131kan dayan\u0131\u015fmadan anl\u0131yoruz\u201d dedi.\u00a0<\/span>\r\n\r\n<span style=\"font-weight: 400;\">\u2018D\u00fcnya G\u00f6n\u00fcll\u00fcler G\u00fcn\u00fc\u2019, Birle\u015fmi\u015f Milletler G\u00f6n\u00fcll\u00fcleri (UNV) koordinasyonunda 1985\u2019ten bu yana her y\u0131l 5 Aral\u0131k\u2019ta 136 \u00fclkede kutlan\u0131yor. D\u00fcnya G\u00f6n\u00fcll\u00fcler G\u00fcn\u00fc\u2019n\u00fcn bu y\u0131l ki temas\u0131 \u201cKimseyi Geride B\u0131rakma\u201d.\u00a0 Bu tema \u00e7er\u00e7evesinde S\u00fcrd\u00fcr\u00fclebilir Kalk\u0131nma Hedefleri i\u00e7in K\u00fcresel Hedefleri 2030\u2019a kadar yerine getirmede birlikte hareket etmenin \u00f6nemini vurgulayan Kurbanov,\u00a0 UNV olarak \u00e7al\u0131\u015fmalar\u0131n\u0131n as\u0131l amac\u0131n\u0131n ulusal g\u00f6n\u00fcll\u00fcl\u00fck ruhunu bulmak ve ortaya \u00e7\u0131kan bu ruhu g\u00fc\u00e7lendirmek oldu\u011funu vurgulad\u0131.\u00a0<\/span>\r\n\r\n<span style=\"font-weight: 400;\">\u0130stanbul\u2019da d\u00fczenlenen kahvalt\u0131l\u0131 bas\u0131n toplant\u0131s\u0131nda Ad\u0131m Ad\u0131m Platformu ad\u0131na platform kurucular\u0131ndan It\u0131r Erhart, Toplum G\u00f6n\u00fcll\u00fcleri Vakf\u0131 (TOG) ad\u0131na \u0130brahim Betil, T\u00fcrkiye E\u011fitim G\u00f6n\u00fcll\u00fcleri Vakf\u0131 (TEGV) ad\u0131na Oktay \u00d6zinci, TEMA Vakf\u0131\u2019ndan Y\u00f6netim Kurulu Ba\u015fkan\u0131 Deniz Ata\u00e7 ve \u00d6zel Sekt\u00f6r G\u00f6n\u00fcll\u00fcler Derne\u011fi (\u00d6SGD) ad\u0131na Atilla Yerlikaya g\u00f6n\u00fcll\u00fcl\u00fck \u00e7al\u0131\u015fmalar\u0131n\u0131 art\u0131rmak amac\u0131yla yapt\u0131klar\u0131n\u0131 payla\u015ft\u0131. Konu\u015fmac\u0131lar, T\u00fcrkiye\u2019de toplumun g\u00f6n\u00fcll\u00fcl\u00fck konusundaki duyarl\u0131l\u0131\u011f\u0131,\u00a0 \u00e7e\u015fitli alanlarda devam eden g\u00f6n\u00fcll\u00fcl\u00fck projeleri, gen\u00e7li\u011fin g\u00f6n\u00fcll\u00fc projelere kat\u0131l\u0131m\u0131, \u00f6zel sekt\u00f6r\u00fcn duyarl\u0131l\u0131\u011f\u0131 gibi konulara de\u011findi.\u00a0<\/span>\r\n\r\n<span style=\"font-weight: 400;\">Toplant\u0131n\u0131n a\u00e7\u0131l\u0131\u015f konu\u015fmas\u0131n\u0131 yapan BM G\u00f6n\u00fcll\u00fcleri (UNV) \u0130cra Koordinat\u00f6r Yard\u0131mc\u0131s\u0131 Toily Kurbanov \u015funlar\u0131 s\u00f6yledi:\u00a0<\/span>\r\n\r\n<span style=\"font-weight: 400;\">\u201cUNV i\u00e7in g\u00f6n\u00fcll\u00fcl\u00fck, dayan\u0131\u015fman\u0131n v\u00fccut buldu\u011fu bir kavram. Bu nedenle g\u00f6n\u00fcll\u00fcl\u00fc\u011f\u00fcn yan\u0131 s\u0131ra sivil toplum kurulu\u015flar\u0131 ile bir arada olmaktan dolay\u0131 mutluyuz. G\u00f6n\u00fcll\u00fcl\u00fc\u011f\u00fcn bir\u00e7ok sebebi var; ama S\u00fcrd\u00fcr\u00fclebilir Kalk\u0131nma Hedefleri ile paralel birka\u00e7 \u00f6rnek vermek isterim. Birincisi \u00e7evresel sorunlara tepki vermek ve \u00e7\u00f6z\u00fcm \u00f6nerisinde bulunmak.\u00a0<\/span>\r\n\r\n<span style=\"font-weight: 400;\">\u0130kincisi etnik ve k\u00fclt\u00fcrel \u00e7e\u015fitlilikten kaynaklanan e\u015fitsizliklere kar\u015f\u0131 sosyal dayan\u0131\u015fmay\u0131 ortaya \u00e7\u0131kartabilmek.\u00a0<\/span>\r\n\r\n<span style=\"font-weight: 400;\">\u00dc\u00e7\u00fcnc\u00fcs\u00fc ise ya\u015fl\u0131lara destek olabilmek.\u201d\u00a0<\/span>\r\n\r\n<span style=\"font-weight: 400;\">T\u00fcrkiye\u2019deki g\u00f6n\u00fcll\u00fcl\u00fck \u00e7al\u0131\u015fmalar\u0131 hakk\u0131ndaki g\u00f6zlemlerini de aktaran Kurbanov, \u015f\u00f6yle devam etti:<\/span>\r\n\r\n<span style=\"font-weight: 400;\">\u201c \u0130lk olarak, Birle\u015fmi\u015f Milletler\u2019e ba\u011fl\u0131 ya da ayr\u0131ca faaliyet g\u00f6steren t\u00fcm sivil toplum kurulu\u015flar\u0131n\u0131n ilk ortak amac\u0131n\u0131n bar\u0131\u015f ve bir arada ya\u015famay\u0131 desteklemek oldu\u011funu g\u00f6r\u00fcyorum. Di\u011fer yandan gelece\u011fe yat\u0131r\u0131m yapmak i\u00e7in gen\u00e7leri g\u00f6n\u00fcll\u00fcl\u00fck \u00e7al\u0131\u015fmalar\u0131na davet etmek ve desteklemek ikinci \u00f6nemli a\u015fama diye d\u00fc\u015f\u00fcnebiliriz. \u00dc\u00e7\u00fcnc\u00fc g\u00f6zlemim, bu toplant\u0131da oldu\u011fu gibi, \u00e7al\u0131\u015fmalarda \u00e7ok payda\u015fl\u0131l\u0131k ile g\u00f6n\u00fcll\u00fclerin motivasyonunu ve g\u00fcc\u00fcn\u00fc daha fazla ortaya \u00e7\u0131kartacak i\u015fbirlikleri geli\u015ftirilmekte oldu\u011fu. Son olarak g\u00f6n\u00fcll\u00fcl\u00fc\u011f\u00fcn akademik boyutunun desteklenmesi ve ara\u015ft\u0131rmalara \u00f6nem verilmesi de \u00f6nemli bir konu.\u201d<\/span>\r\n\r\n<span style=\"font-weight: 400;\">Toplum G\u00f6n\u00fcll\u00fcleri Vakf\u0131 (TOG) Y\u00f6netim Kurulu \u00dcyesi \u0130brahim Betil, gen\u00e7lerle yap\u0131lan \u00e7al\u0131\u015fmalar\u0131n \u00f6nemine de\u011findi\u011fi konu\u015fmas\u0131nda, bu \u00e7al\u0131\u015fmalar\u0131n sosyal etki ve gen\u00e7lerin bireysel geli\u015fimlerine etkileri olmak \u00fczere iki farkl\u0131 faydas\u0131 oldu\u011funu s\u00f6yledi.\u00a0 T\u00fcrkiye\u2019de n\u00fcfusun \u00f6nemli bir kesiminin gen\u00e7 olmas\u0131na ra\u011fmen gen\u00e7lere duyulan g\u00fcvenin az olmas\u0131n\u0131n, gen\u00e7lerin \u00f6rg\u00fctlenmesinde b\u00fcy\u00fck engeller yaratt\u0131\u011f\u0131n\u0131 belirten Betil, TOG\u2019un 2002 y\u0131l\u0131ndan beri gen\u00e7lerin yapt\u0131klar\u0131 ile kendilerine olan g\u00fcveni artt\u0131rmalar\u0131n\u0131 hedefleyen bir kurulu\u015f oldu\u011funu vurgulad\u0131. Betil, \u201c2016 y\u0131l\u0131 itibariyle 60 binden fazla Toplum G\u00f6n\u00fcll\u00fcs\u00fc gen\u00e7, 80 ildeki 126 \u00fcniversitede 1500\u2019den fazla yerel ve ulusal toplum hizmeti projesi ger\u00e7ekle\u015ftirerek en az 600 bin insan\u0131n hayat\u0131na dokundu ve toplumun ihtiya\u00e7lar\u0131na cevap verdi\u201d dedi. \u201cG\u00f6n\u00fcll\u00fcl\u00fck gen\u00e7lerden ba\u015flamal\u0131 ve onlara yetki ve sorumluluk verilmeli\u201d diyen Betil, yeti\u015fkinlerin \u00f6n yarg\u0131lar\u0131n\u0131 k\u0131rmalar\u0131 ve gen\u00e7lere g\u00fcvenmeyi \u00f6\u011frenmeleri gerekti\u011fini s\u00f6yledi.\u00a0<\/span>\r\n\r\n<span style=\"font-weight: 400;\">T\u00fcrkiye E\u011fitim G\u00f6n\u00fcll\u00fcleri Vakf\u0131 (TEGV) Y\u00f6netim Kurulu \u00dcyesi Oktay \u00d6zinci ise e\u011fitimde g\u00f6n\u00fcll\u00fcl\u00fc\u011f\u00fcn kritik bir \u00f6nemi oldu\u011funu vurgulad\u0131. 21. Y\u00fczy\u0131lda \u00fclkelerin teknolojiye hakim olanlar ve teknolojiye hakim \u00fclkelere muhta\u00e7 olanlar olmak \u00fczere ikiye ayr\u0131ld\u0131\u011f\u0131n\u0131 vurgulayan \u00d6zinci, \u201cTEGV\u2019in en \u00f6nemli g\u00f6revi yarat\u0131c\u0131, \u00f6n yarg\u0131s\u0131z, sorgulayan ve de\u011ferlendiren \u00e7ocuklar yeti\u015ftirmek. Devlet e\u011fitim stratejisini yaparken bizim de g\u00f6revimiz mevcut eksiklikleri onarmak i\u00e7in \u00f6zellikle \u00f6\u011fretmenleri, anne babalar\u0131 ve \u00e7ocuklar\u0131 e\u011fitmek\u201d diye konu\u015ftu. T\u00fcm g\u00f6n\u00fcll\u00fclere, \u201cG\u00f6n\u00fcll\u00fc oldu\u011funuz konu her ne olursa olsun, mutlaka aktif g\u00f6n\u00fcll\u00fcl\u00fck yap\u0131n ve sivil topluma yeni g\u00f6n\u00fcll\u00fcler kazand\u0131rmak i\u00e7in \u00e7al\u0131\u015fmalar yapmaya devam edin\u201d diye seslenen \u00d6zinci,\u00a0 UGK ve 5 Aral\u0131k D\u00fcnya G\u00f6n\u00fcll\u00fcler G\u00fcn\u00fc\u2019n\u00fcn bu a\u00e7\u0131dan \u00e7ok \u00f6nemli bir ara\u00e7 oldu\u011funu vurgulad\u0131.\u00a0<\/span>\r\n\r\n<span style=\"font-weight: 400;\">\u00d6zel Sekt\u00f6r G\u00f6n\u00fcll\u00fcleri Derne\u011fi (\u00d6SGD) Y\u00f6netim Kurulu \u00dcyesi Atilla Demir Yerlikaya da \u015funlar\u0131 s\u00f6yledi:\u00a0<\/span>\r\n\r\n<span style=\"font-weight: 400;\">\u201cG\u00f6n\u00fcll\u00fcl\u00fck kime dokunursa fark yarat\u0131yor ama dokunan ki\u015fide de fark yarat\u0131yor. \u00d6zel sekt\u00f6r sorunlar\u0131n \u00e7\u00f6z\u00fcm\u00fcne katk\u0131 sa\u011flayan \u00f6nemli bir payda\u015f. Amac\u0131m\u0131z \u00e7al\u0131\u015fanlar\u0131n eme\u011fini, zaman\u0131n\u0131, bilgisini ve tecr\u00fcbesini toplumsal faydaya d\u00f6n\u00fc\u015ft\u00fcrebilmek. \u00d6SGD, \u015firketler aras\u0131nda g\u00f6n\u00fcll\u00fcl\u00fc\u011f\u00fc \u00f6zendirecek \u00f6rnekleri ortaya \u00e7\u0131kartmak ve uluslararas\u0131 \u00f6rnekleri yayg\u0131nla\u015ft\u0131rmak, bilgi payla\u015f\u0131m\u0131 ve fark\u0131ndal\u0131\u011f\u0131 artt\u0131rmak i\u00e7in \u00e7al\u0131\u015f\u0131yor. H\u0131zl\u0131 sonu\u00e7lar yaratan projeler ile \u015firketlere yol g\u00f6steriyoruz. \u2018G\u00f6n\u00fclden \u00d6d\u00fcller\u2019 ile \u00f6n plana \u00e7\u0131kan ve g\u00f6n\u00fcll\u00fcl\u00fckte ba\u015far\u0131l\u0131 \u015firketleri onurland\u0131r\u0131yoruz. D\u00fcnyada insan kaynaklar\u0131nda olu\u015fan yeni bir trend var. G\u00fcn\u00fcm\u00fcz \u0130K stratejileri,\u00a0 g\u00f6n\u00fcll\u00fcl\u00fc\u011f\u00fc tak\u0131m oyununa a\u00e7\u0131k, kendi ki\u015fisel de\u011ferlerini ortaya \u00e7\u0131karabilen, \u00e7al\u0131\u015fanlar\u0131n kuruma ve topluma aidiyetlerini artt\u0131ran bir ara\u00e7 olarak de\u011ferlendiriyor. Bu y\u00fczden \u015firketler de insan kayna\u011f\u0131n\u0131 topluma fayda sa\u011flayacak \u00e7al\u0131\u015fmalara y\u00f6nlendiriyor.\u201d\u00a0<\/span>\r\n\r\n<span style=\"font-weight: 400;\">Sadece 5 Aral\u0131k\u2019ta de\u011fil, t\u00fcm y\u0131l boyunca g\u00f6n\u00fcll\u00fcl\u00fc\u011f\u00fcn konu\u015fulmas\u0131n\u0131n \u00f6nemini vurgulayan TEMA Vakf\u0131 Y\u00f6netim Kurulu Ba\u015fkan\u0131 Deniz Ata\u00e7 da, \u201cT\u00fcrkiye\u2019de g\u00f6n\u00fcll\u00fcl\u00fck neden geli\u015fmiyor sorusu \u00fczerine \u00e7al\u0131\u015fmal\u0131, g\u00f6n\u00fcll\u00fcl\u00fc\u011f\u00fcn \u00f6n\u00fcndeki engelleri ve k\u00fclt\u00fcrel olarak nelerin g\u00f6n\u00fcll\u00fcl\u00fc\u011f\u00fc destekledi\u011fini ara\u015ft\u0131rmal\u0131y\u0131z\u201d dedi. G\u00f6n\u00fcll\u00fcl\u00fc\u011f\u00fcn k\u00fc\u00e7\u00fck ya\u015ftan itibaren ba\u015flamas\u0131 gerekti\u011fini savunan Ata\u00e7,\u00a0 STK\u2019lar\u0131n g\u00f6n\u00fcll\u00fcl\u00fckten ne bekledi\u011fini de\u011fil, ger\u00e7ekte ne g\u00f6rmek istedi\u011fini her g\u00fcn y\u0131lmadan s\u00f6ylemesi gerekti\u011fini vurgulad\u0131. Ata\u00e7,\u00a0 \u201cBunun i\u00e7in de UGK\u2019ye \u00e7ok i\u015f d\u00fc\u015f\u00fcyor\u201d dedi.\u00a0<\/span>\r\n\r\n<span style=\"font-weight: 400;\">Ulusal G\u00f6n\u00fcll\u00fcl\u00fck Komitesi (UGK), 5 Aral\u0131k D\u00fcnya G\u00f6n\u00fcll\u00fcler G\u00fcn\u00fc kapsam\u0131nda 44 ilde 71 noktada bireyleri g\u00f6n\u00fcll\u00fcl\u00fc\u011fe davet eden etkinlikler yaparak her kesimden insana ula\u015fmay\u0131 hedefliyor.<\/span>\r\n\r\n<span style=\"font-weight: 400;\">Bu y\u0131l 5 Aral\u0131k\u2019ta ise T\u00fcrkiye\u2019de ilk kez sosyal medya \u00fczerinden \u2018G\u00f6n\u00fcll\u00fcysen Renk Ver\u2019 oyunu oynanarak g\u00f6n\u00fcll\u00fcl\u00fck \u00e7al\u0131\u015fmalar\u0131 kutlanacak.<\/span>\r\n\r\n<\/div>\r\n<div dir=\"auto\"><\/div>\r\n[\/av_textblock]\r\n[\/av_two_third]\r\n\r\n","_avia_builder_shortcode_tree":null,"header_title_bar":"title_bar","footnotes":""},"categories":[1],"tags":[],"class_list":["post-406","post","type-post","status-publish","format-standard","has-post-thumbnail","hentry","category-sekreterya"],"_links":{"self":[{"href":"https:\/\/ulusalgonullulukkomitesi.org\/prod\/wp\/v2\/posts\/406","targetHints":{"allow":["GET"]}}],"collection":[{"href":"https:\/\/ulusalgonullulukkomitesi.org\/prod\/wp\/v2\/posts"}],"about":[{"href":"https:\/\/ulusalgonullulukkomitesi.org\/prod\/wp\/v2\/types\/post"}],"author":[{"embeddable":true,"href":"https:\/\/ulusalgonullulukkomitesi.org\/prod\/wp\/v2\/users\/2"}],"replies":[{"embeddable":true,"href":"https:\/\/ulusalgonullulukkomitesi.org\/prod\/wp\/v2\/comments?post=406"}],"version-history":[{"count":3,"href":"https:\/\/ulusalgonullulukkomitesi.org\/prod\/wp\/v2\/posts\/406\/revisions"}],"predecessor-version":[{"id":470,"href":"https:\/\/ulusalgonullulukkomitesi.org\/prod\/wp\/v2\/posts\/406\/revisions\/470"}],"wp:featuredmedia":[{"embeddable":true,"href":"https:\/\/ulusalgonullulukkomitesi.org\/prod\/wp\/v2\/media\/408"}],"wp:attachment":[{"href":"https:\/\/ulusalgonullulukkomitesi.org\/prod\/wp\/v2\/media?parent=406"}],"wp:term":[{"taxonomy":"category","embeddable":true,"href":"https:\/\/ulusalgonullulukkomitesi.org\/prod\/wp\/v2\/categories?post=406"},{"taxonomy":"post_tag","embeddable":true,"href":"https:\/\/ulusalgonullulukkomitesi.org\/prod\/wp\/v2\/tags?post=406"}],"curies":[{"name":"wp","href":"https:\/\/api.w.org\/{rel}","templated":true}]}}